{"id":1570,"date":"2026-08-20T19:08:48","date_gmt":"2026-08-20T19:08:48","guid":{"rendered":"https:\/\/majehaus.com.br\/royalreceptivo\/?p=1570"},"modified":"2026-08-20T19:08:48","modified_gmt":"2026-08-20T19:08:48","slug":"a-royal-na-cop30-amazonia","status":"publish","type":"post","link":"https:\/\/majehaus.com.br\/royalreceptivo\/a-royal-na-cop30-amazonia\/","title":{"rendered":"A Royal na COP30 Amaz\u00f4nia"},"content":{"rendered":"\n<p class=\"wp-block-paragraph\">A COP30 marca um per\u00edodo de grande import\u00e2ncia para o Brasil e para a comunidade internacional. O encontro traz a Amaz\u00f4nia para o centro das decis\u00f5es que influenciam o futuro do planeta e destaca o valor de iniciativas que promovem respeito \u00e0 natureza e desenvolvimento respons\u00e1vel. A regi\u00e3o recebe l\u00edderes, pesquisadores e equipes t\u00e9cnicas que trazem diferentes perspectivas para a constru\u00e7\u00e3o de solu\u00e7\u00f5es voltadas \u00e0 preserva\u00e7\u00e3o e ao avan\u00e7o sustent\u00e1vel.<\/p>\n\n\n\n<p class=\"wp-block-paragraph\">Durante esse movimento intenso gerado pela confer\u00eancia, a Royal esteve presente oferecendo um atendimento que integrou planejamento, aten\u00e7\u00e3o aos detalhes e apoio \u00e0 agenda de grupos que estiveram na Amaz\u00f4nia para compromissos oficiais. Esse trabalho refor\u00e7a a capacidade da Royal em atuar em ambientes complexos, com discri\u00e7\u00e3o e precis\u00e3o, sempre alinhada \u00e0s necessidades de cada organiza\u00e7\u00e3o atendida.<\/p>\n\n\n\n<p class=\"wp-block-paragraph\">A Amaz\u00f4nia vive dias marcados por coopera\u00e7\u00e3o, estudo e integra\u00e7\u00e3o entre pa\u00edses e institui\u00e7\u00f5es. A presen\u00e7a de diferentes delega\u00e7\u00f5es evidencia o valor da floresta como refer\u00eancia mundial em temas ambientais e sociais. Estar nesse contexto \u00e9 testemunhar a uni\u00e3o de saberes e prop\u00f3sitos em um territ\u00f3rio que guarda algumas das maiores riquezas naturais do planeta.<\/p>\n\n\n\n<p class=\"wp-block-paragraph\">A Royal segue comprometida em oferecer servi\u00e7os que acompanham a relev\u00e2ncia de cada ocasi\u00e3o. A COP30 fortalece a imagem do Brasil como protagonista em debates globais e inspira a busca por caminhos que garantem equil\u00edbrio, qualidade de vida e um futuro mais consciente.<\/p>\n\n\n\n<figure class=\"wp-block-image size-full is-resized\"><img fetchpriority=\"high\" decoding=\"async\" width=\"768\" height=\"960\" src=\"https:\/\/majehaus.com.br\/royalreceptivo\/wp-content\/uploads\/2026\/08\/RR_2025_11_18-768x960-1.webp\" alt=\"\" class=\"wp-image-1572\" style=\"aspect-ratio:0.7998046875;width:819px;height:auto\" srcset=\"https:\/\/majehaus.com.br\/royalreceptivo\/wp-content\/uploads\/2026\/08\/RR_2025_11_18-768x960-1.webp 768w, https:\/\/majehaus.com.br\/royalreceptivo\/wp-content\/uploads\/2026\/08\/RR_2025_11_18-768x960-1-240x300.webp 240w\" sizes=\"(max-width: 768px) 100vw, 768px\" \/><\/figure>\n","protected":false},"excerpt":{"rendered":"<p>A COP30 marca um per\u00edodo de grande import\u00e2ncia para o Brasil e para a comunidade internacional. O encontro traz a Amaz\u00f4nia para o centro das decis\u00f5es que influenciam o futuro do planeta e destaca o valor de iniciativas que promovem respeito \u00e0 natureza e desenvolvimento respons\u00e1vel. A regi\u00e3o recebe l\u00edderes, pesquisadores e equipes t\u00e9cnicas que [&hellip;]<\/p>\n","protected":false},"author":1,"featured_media":1574,"comment_status":"open","ping_status":"open","sticky":false,"template":"","format":"standard","meta":{"footnotes":""},"categories":[1],"tags":[],"class_list":["post-1570","post","type-post","status-publish","format-standard","has-post-thumbnail","hentry","category-uncategorized"],"_links":{"self":[{"href":"https:\/\/majehaus.com.br\/royalreceptivo\/wp-json\/wp\/v2\/posts\/1570","targetHints":{"allow":["GET"]}}],"collection":[{"href":"https:\/\/majehaus.com.br\/royalreceptivo\/wp-json\/wp\/v2\/posts"}],"about":[{"href":"https:\/\/majehaus.com.br\/royalreceptivo\/wp-json\/wp\/v2\/types\/post"}],"author":[{"embeddable":true,"href":"https:\/\/majehaus.com.br\/royalreceptivo\/wp-json\/wp\/v2\/users\/1"}],"replies":[{"embeddable":true,"href":"https:\/\/majehaus.com.br\/royalreceptivo\/wp-json\/wp\/v2\/comments?post=1570"}],"version-history":[{"count":1,"href":"https:\/\/majehaus.com.br\/royalreceptivo\/wp-json\/wp\/v2\/posts\/1570\/revisions"}],"predecessor-version":[{"id":1577,"href":"https:\/\/majehaus.com.br\/royalreceptivo\/wp-json\/wp\/v2\/posts\/1570\/revisions\/1577"}],"wp:featuredmedia":[{"embeddable":true,"href":"https:\/\/majehaus.com.br\/royalreceptivo\/wp-json\/wp\/v2\/media\/1574"}],"wp:attachment":[{"href":"https:\/\/majehaus.com.br\/royalreceptivo\/wp-json\/wp\/v2\/media?parent=1570"}],"wp:term":[{"taxonomy":"category","embeddable":true,"href":"https:\/\/majehaus.com.br\/royalreceptivo\/wp-json\/wp\/v2\/categories?post=1570"},{"taxonomy":"post_tag","embeddable":true,"href":"https:\/\/majehaus.com.br\/royalreceptivo\/wp-json\/wp\/v2\/tags?post=1570"}],"curies":[{"name":"wp","href":"https:\/\/api.w.org\/{rel}","templated":true}]}}