{"id":1583,"date":"2026-08-20T19:11:44","date_gmt":"2026-08-20T19:11:44","guid":{"rendered":"https:\/\/majehaus.com.br\/royalreceptivo\/?p=1583"},"modified":"2026-08-20T19:11:44","modified_gmt":"2026-08-20T19:11:44","slug":"a-importancia-da-saude-mental-no-ambiente-corporativo-e-em-grandes-eventos","status":"publish","type":"post","link":"https:\/\/majehaus.com.br\/royalreceptivo\/a-importancia-da-saude-mental-no-ambiente-corporativo-e-em-grandes-eventos\/","title":{"rendered":"A import\u00e2ncia da sa\u00fade mental no ambiente corporativo e em grandes eventos"},"content":{"rendered":"\n<p class=\"wp-block-paragraph\">A campanha Setembro Amarelo tem ganhado cada vez mais for\u00e7a ao chamar a aten\u00e7\u00e3o para a import\u00e2ncia da sa\u00fade mental em todas as esferas da vida. Criada em 2015 pela Associa\u00e7\u00e3o Brasileira de Psiquiatria em parceria com o Conselho Federal de Medicina, a iniciativa busca conscientizar a sociedade sobre os cuidados com o emocional e a valoriza\u00e7\u00e3o da vida. O m\u00eas de setembro foi escolhido porque em 10 de setembro se celebra o Dia Mundial de Preven\u00e7\u00e3o ao Suic\u00eddio, uma data j\u00e1 marcada por a\u00e7\u00f5es de mobiliza\u00e7\u00e3o em diversos pa\u00edses.<\/p>\n\n\n\n<p class=\"wp-block-paragraph\">No ambiente de trabalho, especialmente em empresas que atuam com alto n\u00edvel de exig\u00eancia, como o setor de transporte executivo e de log\u00edstica de grandes eventos, cuidar do bem estar psicol\u00f3gico \u00e9 t\u00e3o essencial quanto investir em estrutura e tecnologia. O tema deixou de ser um tabu e passou a ocupar espa\u00e7o nas estrat\u00e9gias corporativas. Muitas empresas j\u00e1 entendem que colaboradores emocionalmente saud\u00e1veis entregam mais qualidade, atuam com maior engajamento e representam uma vantagem competitiva.<\/p>\n\n\n\n<h3 class=\"wp-block-heading\"><strong>Sa\u00fade mental no trabalho<\/strong><\/h3>\n\n\n\n<p class=\"wp-block-paragraph\">Organiza\u00e7\u00f5es de diferentes \u00e1reas est\u00e3o criando programas de acompanhamento psicol\u00f3gico, promovendo palestras, oferecendo espa\u00e7os de escuta e implantando pol\u00edticas de equil\u00edbrio entre vida pessoal e profissional. Essas iniciativas demonstram que produtividade est\u00e1 diretamente ligada \u00e0 qualidade de vida e ao controle emocional dos colaboradores.<\/p>\n\n\n\n<h3 class=\"wp-block-heading\"><strong>Controle emocional em grandes eventos<\/strong><\/h3>\n\n\n\n<p class=\"wp-block-paragraph\">No universo dos grandes eventos, a aten\u00e7\u00e3o ao fator humano \u00e9 ainda mais cr\u00edtica. Profissionais que atuam em log\u00edstica, transporte executivo e organiza\u00e7\u00e3o precisam manter a calma em situa\u00e7\u00f5es de press\u00e3o, cumprir prazos apertados e lidar com celebridades e autoridades que exigem discri\u00e7\u00e3o e protocolos especiais. Para isso, \u00e9 fundamental ter equipes com perfis adequados, capazes de manter postura serena mesmo em cen\u00e1rios de alta demanda. Treinamento constante, escalas bem estruturadas e acompanhamento pr\u00f3ximo da lideran\u00e7a s\u00e3o estrat\u00e9gias que fazem diferen\u00e7a para manter a tranquilidade no dia a dia.<\/p>\n\n\n\n<h3 class=\"wp-block-heading\"><strong>Perfis profissionais e curiosidades<\/strong><\/h3>\n\n\n\n<p class=\"wp-block-paragraph\">Alguns perfis se destacam naturalmente nesse tipo de trabalho: profissionais comunicativos, emp\u00e1ticos, atentos a detalhes e que sabem lidar com imprevistos com naturalidade. Curiosamente, pesquisas apontam que pessoas com alto n\u00edvel de intelig\u00eancia emocional conseguem reduzir conflitos internos, tomar decis\u00f5es mais assertivas e transmitir seguran\u00e7a em situa\u00e7\u00f5es complexas.<\/p>\n\n\n\n<h3 class=\"wp-block-heading\"><strong>Um olhar de longo prazo<\/strong><\/h3>\n\n\n\n<p class=\"wp-block-paragraph\">Falar sobre sa\u00fade mental tamb\u00e9m \u00e9 falar sobre sustentabilidade humana dentro das organiza\u00e7\u00f5es. Equipes equilibradas geram menos afastamentos, constroem relacionamentos de confian\u00e7a com clientes e fortalecem a imagem da empresa. Quando esse cuidado \u00e9 constante, o resultado aparece tanto no clima interno quanto na percep\u00e7\u00e3o de quem \u00e9 atendido.<\/p>\n","protected":false},"excerpt":{"rendered":"<p>A campanha Setembro Amarelo tem ganhado cada vez mais for\u00e7a ao chamar a aten\u00e7\u00e3o para a import\u00e2ncia da sa\u00fade mental em todas as esferas da vida. Criada em 2015 pela Associa\u00e7\u00e3o Brasileira de Psiquiatria em parceria com o Conselho Federal de Medicina, a iniciativa busca conscientizar a sociedade sobre os cuidados com o emocional e [&hellip;]<\/p>\n","protected":false},"author":1,"featured_media":1589,"comment_status":"open","ping_status":"open","sticky":false,"template":"","format":"standard","meta":{"footnotes":""},"categories":[1],"tags":[],"class_list":["post-1583","post","type-post","status-publish","format-standard","has-post-thumbnail","hentry","category-uncategorized"],"_links":{"self":[{"href":"https:\/\/majehaus.com.br\/royalreceptivo\/wp-json\/wp\/v2\/posts\/1583","targetHints":{"allow":["GET"]}}],"collection":[{"href":"https:\/\/majehaus.com.br\/royalreceptivo\/wp-json\/wp\/v2\/posts"}],"about":[{"href":"https:\/\/majehaus.com.br\/royalreceptivo\/wp-json\/wp\/v2\/types\/post"}],"author":[{"embeddable":true,"href":"https:\/\/majehaus.com.br\/royalreceptivo\/wp-json\/wp\/v2\/users\/1"}],"replies":[{"embeddable":true,"href":"https:\/\/majehaus.com.br\/royalreceptivo\/wp-json\/wp\/v2\/comments?post=1583"}],"version-history":[{"count":1,"href":"https:\/\/majehaus.com.br\/royalreceptivo\/wp-json\/wp\/v2\/posts\/1583\/revisions"}],"predecessor-version":[{"id":1590,"href":"https:\/\/majehaus.com.br\/royalreceptivo\/wp-json\/wp\/v2\/posts\/1583\/revisions\/1590"}],"wp:featuredmedia":[{"embeddable":true,"href":"https:\/\/majehaus.com.br\/royalreceptivo\/wp-json\/wp\/v2\/media\/1589"}],"wp:attachment":[{"href":"https:\/\/majehaus.com.br\/royalreceptivo\/wp-json\/wp\/v2\/media?parent=1583"}],"wp:term":[{"taxonomy":"category","embeddable":true,"href":"https:\/\/majehaus.com.br\/royalreceptivo\/wp-json\/wp\/v2\/categories?post=1583"},{"taxonomy":"post_tag","embeddable":true,"href":"https:\/\/majehaus.com.br\/royalreceptivo\/wp-json\/wp\/v2\/tags?post=1583"}],"curies":[{"name":"wp","href":"https:\/\/api.w.org\/{rel}","templated":true}]}}